{"id":3026,"date":"2014-10-09T16:42:41","date_gmt":"2014-10-09T16:42:41","guid":{"rendered":"https:\/\/www.adiestradorcanino.com\/webdelperro\/?p=3026"},"modified":"2019-04-09T15:05:18","modified_gmt":"2019-04-09T15:05:18","slug":"grupos-etnicos-caninos","status":"publish","type":"post","link":"https:\/\/www.adiestradorcanino.com\/webdelperro\/grupos-etnicos-caninos\/","title":{"rendered":"Grupos \u00c9tnicos Caninos"},"content":{"rendered":"<h4><a title=\"Grupos \u00c9tnicos Caninos\" href=\"http:\/\/www.rsce.es\/web\/index.php?option=com_content&amp;view=article&amp;id=1959&amp;Itemid=100028\" target=\"_blank\" rel=\"noopener noreferrer nofollow\"><strong>Grupos \u00c9tnicos Caninos.<\/strong><\/a><\/h4>\n<p>Llamamos Grupo \u00c9tnico a una poblaci\u00f3n canina que comparte entre sus miembros unos rasgos propios, tanto f\u00edsicos como funcionales, fijados por \u201cselecci\u00f3n funcional\u201d, a lo largo de los a\u00f1os, dentro de una determinada \u00e1rea geogr\u00e1fica. \u00bfPuede denominarse a estos grupos \u00e9tnicos RAZA canina? Desde un punto de vista coloquial, popular e incluso en el \u00e1mbito de algunas administraciones, as\u00ed se ha hecho y se hace.<a title=\"RSCE\" href=\"http:\/\/www.rsce.es\/web\/index.php?option=com_content&amp;view=article&amp;id=1959&amp;Itemid=100028\" target=\"_blank\" rel=\"noopener noreferrer nofollow\"><img loading=\"lazy\" decoding=\"async\" class=\"alignright size-full wp-image-3325\" src=\"https:\/\/www.adiestradorcanino.com\/webdelperro\/wp-content\/uploads\/2014\/10\/rsce2.gif\" alt=\"rsce2\" width=\"90\" height=\"112\" \/><\/a><\/p>\n<p>Pero, en un sentido estricto, y de acuerdo con los par\u00e1metros de selecci\u00f3n en la Cinofilia moderna, existen diferencias esenciales entre Grupo \u00c9tnico y Raza canina y, el hecho de no haber comprendido cabalmente esas diferencias, fue una de las principales causas de no haber aprovechado los a\u00f1os finales del siglo XIX, y buena parte del siglo XX, para consolidar unas Razas caninas espa\u00f1olas pujantes y bien establecidas, como hicieron otros pa\u00edses.<\/p>\n<p>Para convertir un Grupo \u00c9tnico o \u201ccasta\u201d canina en una Raza moderna, hace falta un trabajo espec\u00edfico de selecci\u00f3n, por parte de los criadores, de una forma consensuada en torno a un proyecto com\u00fan (Est\u00e1ndar racial), con sus individuos registrados de generaci\u00f3n en generaci\u00f3n (Libro de Or\u00edgenes) y conseguir un nivel notable de homogeneizaci\u00f3n y estabilidad en los individuos reconocidos, tanto en su fenotipo como en su genotipo. Esa estabilidad \u201cgen\u00e9tica\u201d requiere que, durante al menos tres generaciones, se pueda constatar la herencia de los caracteres deseados y que constituyen la tipicidad racial. Por emplear una met\u00e1fora, los Grupos \u00c9tnicos ser\u00edan piedras preciosas \u201cen bruto\u201d que se convierten en aut\u00e9nticas joyas \u00fanicas (Raza) tras un trabajo planificado de limpieza, corte y tallado, que las presenta en todo su esplendor y personalidad.<\/p>\n<p>Pues bien, en nuestro pa\u00eds, hemos tenido hist\u00f3ricamente un riqu\u00edsimo patrimonio de Grupos \u00c9tnicos (Mastines, Galgos, Podencos, Perdigueros, Pachones, Presas, Alanos, Perros de Agua, Careas, Ratoneros\u2026) pero, lamentablemente, no pudimos o no supimos trabajar adecuadamente en el decisivo paso de \u201climpieza, corte y tallado\u201d de esas aut\u00e9nticas piedras preciosas, para convertirlas en RAZAS modernas de primer nivel.<\/p>\n<p><strong>REGLAMENTO DE GRUPOS \u00c9TNICOS CANINOS DE LA REAL SOCIEDAD CANINA DE ESPA\u00d1A<br \/>\n<\/strong><\/p>\n<p>&nbsp;<\/p>\n<h4><strong>Carea Castellano-Manchego.<a href=\"https:\/\/www.adiestradorcanino.com\/webdelperro\/wp-content\/uploads\/2014\/10\/Carea_Castellano-Manchego.gif\"><img loading=\"lazy\" decoding=\"async\" class=\"alignright size-medium wp-image-3027\" src=\"https:\/\/www.adiestradorcanino.com\/webdelperro\/wp-content\/uploads\/2014\/10\/Carea_Castellano-Manchego-300x225.gif\" alt=\"Carea_Castellano-Manchego\" width=\"300\" height=\"225\" \/><\/a><\/strong><\/h4>\n<p><strong>Proyecto de est\u00e1ndar.<\/strong><br \/>\n<strong> \u00c1rea de difusi\u00f3n.<\/strong><\/p>\n<p>Se extiende, sobre todo, por la Comunidad Aut\u00f3noma de Castilla La Mancha y, con mayor densidad, por la provincia de Toledo. Asimismo, se localiza en las zonas meridionales de las provincias de \u00c1vila y Madrid y en el \u00e1rea nororiental de Extremadura.<\/p>\n<p>Aspecto general y car\u00e1cter.<br \/>\nPerro r\u00fastico, equilibrado, obediente e intuitivo. Se emplea para la conducci\u00f3n de reba\u00f1os, hacia los que siente una atracci\u00f3n innata.<\/p>\n<p>&nbsp;<\/p>\n<h4><strong>Carea Leones.<a href=\"https:\/\/www.adiestradorcanino.com\/webdelperro\/wp-content\/uploads\/2014\/10\/Carea_Leones.gif\"><img loading=\"lazy\" decoding=\"async\" class=\"alignright size-medium wp-image-3028\" src=\"https:\/\/www.adiestradorcanino.com\/webdelperro\/wp-content\/uploads\/2014\/10\/Carea_Leones-300x235.gif\" alt=\"Carea_Leones\" width=\"300\" height=\"235\" \/><\/a><\/strong><\/h4>\n<p><strong>Propuesta de est\u00e1ndar racial seg\u00fan patr\u00f3n de la F.C.I.<\/strong><\/p>\n<p>Nombre de la raza: Carea leon\u00e9s.<br \/>\nSinonimia: perro de pastor leon\u00e9s, perro de aqueda.<br \/>\nOrigen: Le\u00f3n, Espa\u00f1a.<br \/>\nFunci\u00f3n zoot\u00e9cnica: perro de pastor.<br \/>\nClasificaci\u00f3n F.C.I.: Grupo 1\u00b0 Secci\u00f3n 1. Perros de pastoreo y Perros Boyeros (excepto boyeros suizos).<\/p>\n<p><strong>Breve resumen hist\u00f3rico:<\/strong><\/p>\n<p>La cultura pastoril del Norte de Espa\u00f1a y en particular de la ganader\u00eda estante o de subsistencia en la provincia de Le\u00f3n, ha necesitado en tierras de sembrados y barbechos la utilizaci\u00f3n de perros de pastoreo para el manejo de sus reba\u00f1os, fundamentalmente de ovino. Con este fin, se desarrollaron perros de tama\u00f1o mediano, perfectamente adaptados a estas particularidades y con unas caracter\u00edsticas morfol\u00f3gicas y funcionales orientadas hacia su aptitud.<\/p>\n<p>&nbsp;<\/p>\n<h4><strong>Xarnego Podenco-Valenciano.<a href=\"https:\/\/www.adiestradorcanino.com\/webdelperro\/wp-content\/uploads\/2014\/10\/Xarnego_Valenciano.gif\"><img loading=\"lazy\" decoding=\"async\" class=\"alignright size-medium wp-image-3029\" src=\"https:\/\/www.adiestradorcanino.com\/webdelperro\/wp-content\/uploads\/2014\/10\/Xarnego_Valenciano-300x235.gif\" alt=\"Xarnego_Valenciano\" width=\"300\" height=\"235\" \/><\/a><\/strong><\/h4>\n<p><strong>Propuesta de patr\u00f3n racial.<\/strong><br \/>\n<strong> Resumen hist\u00f3rico.<\/strong><\/p>\n<p>Grabados rupestres en \u00e9pocas neol\u00edticas en el Sureste espa\u00f1ol esbozan siluetas de animales identificados claramente como podencos y, posteriormente, en \u00e9poca \u00edbera numerosos fragmentos de artesan\u00eda, ya muestran un tipo de perro podenco de semejanza con el Xarnego actual. Es curioso que todos los territorios ocupados por las tribus del pueblo \u00edbero coinciden pr\u00e1cticamente con la zona que ocupa la raza desde tiempos inmemoriales hasta la actualidad. La invasi\u00f3n romana posterior deja multitud de muestras con representaciones art\u00edsticas (escultura, pintura, mosaicos&#8230;) de podencos cazando muy semejantes al nuestro a lo largo de todo el Mediterr\u00e1neo, eje vertebral de su imperio.<\/p>\n<p>Romanos despu\u00e9s, pero antes muy posiblemente fenicios y griegos, sirvieron para que el trasiego de nuestro tronco racial de podencos aut\u00f3ctonos se difundiese en una m\u00e1s que probable ruta occidente-oriente. As\u00ed particip\u00f3 en la formaci\u00f3n de otras castas de perros cincummediterr\u00e1neos de orejas enhiestas.<br \/>\nEl Xarnego posiblemente sea el m\u00e1s antiguo de los perros podencos peninsulares.<\/p>\n<p>&nbsp;<\/p>\n<h4><strong>Podenco Orito-Espa\u00f1ol.<a href=\"https:\/\/www.adiestradorcanino.com\/webdelperro\/wp-content\/uploads\/2014\/10\/Podenco_Orito_Espanyol.gif\"><img loading=\"lazy\" decoding=\"async\" class=\"alignright size-medium wp-image-3030\" src=\"https:\/\/www.adiestradorcanino.com\/webdelperro\/wp-content\/uploads\/2014\/10\/Podenco_Orito_Espanyol-300x244.gif\" alt=\"Podenco_Orito_Espanyol\" width=\"300\" height=\"244\" \/><\/a><\/strong><\/h4>\n<p><strong>Proyecto de est\u00e1ndar.<br \/>\n<\/strong>Origen. Espa\u00f1a.<br \/>\nClasificaci\u00f3n F.C.I.:<br \/>\nGrupo V Perros tipo Spitz y tipo primitivo.<br \/>\nSecci\u00f3n 7 Tipo primitivo &#8211; perros de caza.<br \/>\nCon prueba de trabajo.<\/p>\n<p>Funci\u00f3n de la raza.<br \/>\nPor sus caracter\u00edsticas f\u00edsicas nos encontramos ante un perro \u00e1gil, resistente y de buen olfato, cualidades propias de un excelente cazador. Resiste largas jornadas de caza en las peores condiciones de temperatura tanto altas como bajas y en los peores terrenos posibles. Adaptados a la caza en zonas de mucha frondosidad vegetal y en zonas de arroyos. Puede cazar cualquier especie.<\/p>\n<p>&nbsp;<\/p>\n<h4><strong>Lobito Herre\u00f1o.<a href=\"https:\/\/www.adiestradorcanino.com\/webdelperro\/wp-content\/uploads\/2014\/10\/Lobito_Herrenyo-web.jpg\"><img loading=\"lazy\" decoding=\"async\" class=\"alignright size-medium wp-image-3031\" src=\"https:\/\/www.adiestradorcanino.com\/webdelperro\/wp-content\/uploads\/2014\/10\/Lobito_Herrenyo-web-256x300.jpg\" alt=\"Lobito_Herrenyo-web\" width=\"256\" height=\"300\" srcset=\"https:\/\/www.adiestradorcanino.com\/webdelperro\/wp-content\/uploads\/2014\/10\/Lobito_Herrenyo-web-256x300.jpg 256w, https:\/\/www.adiestradorcanino.com\/webdelperro\/wp-content\/uploads\/2014\/10\/Lobito_Herrenyo-web.jpg 513w\" sizes=\"(max-width: 256px) 100vw, 256px\" \/><\/a><\/strong><\/h4>\n<p><strong>Proyecto de est\u00e1ndar.<\/strong><strong><br \/>\n<\/strong>Origen. Espa\u00f1a (Islas Canarias).<br \/>\nUtilizaci\u00f3n: Perro de pastoreo.<\/p>\n<p>Breve resumen hist\u00f3rico.<br \/>\nEl Lobito Herre\u00f1o cuenta con su mayor censo en la isla de El Hierro (Canarias, Espa\u00f1a), pudi\u00e9ndose encontrar algunos ejemplares en las islas de Tenerife, Gran Canaria y La Palma. Los or\u00edgenes de este animal no est\u00e1n del todo claros, por lo que no se puede afirmar que estuvieran presentes en las islas con anterioridad a la conquista castellana de las mismas. Historiadores como Abreu-Galindo detallan la existencia de c\u00e1nidos en las islas antes de la llegada de los conquistadores.<br \/>\nEste animal se ha usado tradicionalmente por sus excelentes dotes como perro pastor, facilitando el trabajo del ganadero durante la conducci\u00f3n del reba\u00f1o.<\/p>\n<p>&nbsp;<\/p>\n<h4><strong>Perro Montero Valdueza.<a href=\"https:\/\/www.adiestradorcanino.com\/webdelperro\/wp-content\/uploads\/2014\/10\/Perro_Montero_Valdueza-retocada.jpg\"><img loading=\"lazy\" decoding=\"async\" class=\"alignright size-medium wp-image-3032\" src=\"https:\/\/www.adiestradorcanino.com\/webdelperro\/wp-content\/uploads\/2014\/10\/Perro_Montero_Valdueza-retocada-300x207.jpg\" alt=\"Perro_Montero_Valdueza-retocada\" width=\"300\" height=\"207\" srcset=\"https:\/\/www.adiestradorcanino.com\/webdelperro\/wp-content\/uploads\/2014\/10\/Perro_Montero_Valdueza-retocada-300x207.jpg 300w, https:\/\/www.adiestradorcanino.com\/webdelperro\/wp-content\/uploads\/2014\/10\/Perro_Montero_Valdueza-retocada.jpg 600w\" sizes=\"(max-width: 300px) 100vw, 300px\" \/><\/a><\/strong><\/h4>\n<p><strong>Proyecto de est\u00e1ndar.<\/strong><\/p>\n<p>Resumen hist\u00f3rico.<\/p>\n<p>Los perros de rehala para monter\u00eda \u201cValdueza\u201d son el producto de m\u00e1s de 70 a\u00f1os de rigurosa selecci\u00f3n que inici\u00f3 D. Alonso \u00c1lvarez de Toledo y Cabeza de Vaca en los a\u00f1os cuarenta y, despu\u00e9s, su hijo D. Alonso \u00c1lvarez de Toledo y Urquijo, Marqu\u00e9s de Valdueza. El objetivo fue, desde el principio, lograr unos ejemplares id\u00f3neos para la caza en rehala, especialmente adaptados a la monter\u00eda en los Montes de Toledo, Sierras de Extremadura y Sierra Morena. En la actualidad, los \u201cValdueza\u201d son ejemplares extraordinariamente homog\u00e9neos, tanto en su morfolog\u00eda como en su funcionalidad y car\u00e1cter. En ellos se ha fusionado, de forma magistral, el poder\u00edo del Mast\u00edn, la rusticidad, la resistencia y la viveza del Podenco Campanero y el ladrido y habilidad en el rastro del Grif\u00f3n. Una maravilla zoot\u00e9cnica con personalidad propia que ahora inicia como \u201cGrupo \u00c9tnico\u201d, su fase selectiva final antes de su reconocimiento como Raza Espa\u00f1ola por la Real Sociedad Canina de Espa\u00f1a.<\/p>\n<p>&nbsp;<\/p>\n<p>Informaci\u00f3n obtenida de la p\u00e1gina de la <strong>Real Sociedad Canina de Espa\u00f1a<\/strong>, con el \u00fanico objetivo dar informaci\u00f3n.<\/p>\n","protected":false},"excerpt":{"rendered":"<p>Grupos \u00c9tnicos Caninos. Llamamos Grupo \u00c9tnico a una poblaci\u00f3n canina que comparte entre sus miembros unos rasgos propios, tanto f\u00edsicos como funcionales, fijados por \u201cselecci\u00f3n funcional\u201d, a lo largo de los a\u00f1os, dentro de una determinada \u00e1rea geogr\u00e1fica. \u00bfPuede denominarse a estos grupos \u00e9tnicos RAZA canina? Desde un punto de vista coloquial, popular e incluso [&hellip;]<\/p>\n","protected":false},"author":2,"featured_media":0,"comment_status":"closed","ping_status":"open","sticky":false,"template":"","format":"standard","meta":{"_et_pb_use_builder":"","_et_pb_old_content":"","_et_gb_content_width":"","footnotes":""},"categories":[7],"tags":[756,751,754,753,755,757,752],"class_list":["post-3026","post","type-post","status-publish","format-standard","hentry","category-etnologia-razas-y-caracteristicas","tag-carea-castellano","tag-carea-leones","tag-lobito-herreno","tag-perro-montero","tag-podenco-orito","tag-razas-etnicas","tag-xarnego-valenciano"],"_links":{"self":[{"href":"https:\/\/www.adiestradorcanino.com\/webdelperro\/wp-json\/wp\/v2\/posts\/3026","targetHints":{"allow":["GET"]}}],"collection":[{"href":"https:\/\/www.adiestradorcanino.com\/webdelperro\/wp-json\/wp\/v2\/posts"}],"about":[{"href":"https:\/\/www.adiestradorcanino.com\/webdelperro\/wp-json\/wp\/v2\/types\/post"}],"author":[{"embeddable":true,"href":"https:\/\/www.adiestradorcanino.com\/webdelperro\/wp-json\/wp\/v2\/users\/2"}],"replies":[{"embeddable":true,"href":"https:\/\/www.adiestradorcanino.com\/webdelperro\/wp-json\/wp\/v2\/comments?post=3026"}],"version-history":[{"count":0,"href":"https:\/\/www.adiestradorcanino.com\/webdelperro\/wp-json\/wp\/v2\/posts\/3026\/revisions"}],"wp:attachment":[{"href":"https:\/\/www.adiestradorcanino.com\/webdelperro\/wp-json\/wp\/v2\/media?parent=3026"}],"wp:term":[{"taxonomy":"category","embeddable":true,"href":"https:\/\/www.adiestradorcanino.com\/webdelperro\/wp-json\/wp\/v2\/categories?post=3026"},{"taxonomy":"post_tag","embeddable":true,"href":"https:\/\/www.adiestradorcanino.com\/webdelperro\/wp-json\/wp\/v2\/tags?post=3026"}],"curies":[{"name":"wp","href":"https:\/\/api.w.org\/{rel}","templated":true}]}}