{"id":2034,"date":"2012-12-14T18:06:38","date_gmt":"2012-12-14T18:06:38","guid":{"rendered":"https:\/\/www.adiestradorcanino.com\/webdelperro\/?p=2034"},"modified":"2019-07-16T06:04:03","modified_gmt":"2019-07-16T06:04:03","slug":"dogo-aleman","status":"publish","type":"post","link":"https:\/\/www.adiestradorcanino.com\/webdelperro\/dogo-aleman\/","title":{"rendered":"Dogo Alem\u00e1n"},"content":{"rendered":"<h4><strong>Clasificaci\u00f3n.<\/strong><\/h4>\n<ul>\n<li><strong>Clasificaci\u00f3n general: <\/strong>Razas de perros gigantes.<\/li>\n<li><strong>Clasificaci\u00f3n seg\u00fan la AKC: <\/strong>Grupo 3: Perros de trabajo.<a href=\"https:\/\/www.adiestradorcanino.com\/webdelperro\/wp-content\/uploads\/2012\/12\/Scooby-Doo-dogo-aleman..jpg\"><img loading=\"lazy\" decoding=\"async\" class=\"alignright  wp-image-2037\" title=\"Scooby Doo-dogo-aleman.\" src=\"https:\/\/www.adiestradorcanino.com\/webdelperro\/wp-content\/uploads\/2012\/12\/Scooby-Doo-dogo-aleman..jpg\" alt=\"adiestrador canino Madrid\" width=\"290\" height=\"195\" srcset=\"https:\/\/www.adiestradorcanino.com\/webdelperro\/wp-content\/uploads\/2012\/12\/Scooby-Doo-dogo-aleman..jpg 690w, https:\/\/www.adiestradorcanino.com\/webdelperro\/wp-content\/uploads\/2012\/12\/Scooby-Doo-dogo-aleman.-300x202.jpg 300w\" sizes=\"(max-width: 290px) 100vw, 290px\" \/><\/a><\/li>\n<li><strong>Clasificaci\u00f3n seg\u00fan la FCI: <\/strong>Grupo 2: Perros tipo Pinscher y Schnauzer Molosoides y perros tipo monta\u00f1a y boyeros suizos &gt; Molosoides.<\/li>\n<\/ul>\n<p>\u00bfQui\u00e9n iba a decir que <em>Scooby Doo<\/em>, el perro m\u00e1s cobarde de la historia, es un <strong>Dogo Alem\u00e1n<\/strong>, conocido por mantener la calma en las situaciones m\u00e1s cr\u00edticas?.<br \/>\nEl <strong>Dogo Alem\u00e1n<\/strong>, llamado <strong>Gran Dan\u00e9s<\/strong> en Gran Breta\u00f1a y <strong>Alano<\/strong> en Italia, es conocido como el Apolo de los perros. Es una raza atl\u00e9tica y fuerte.<\/p>\n<h4><strong>Origen.<\/strong><\/h4>\n<p>El <strong>Dogo Alem\u00e1n<\/strong> desciende de una parte de los Alanos, unos perros grandes introducidos en Europa por los alanos, un pueblo iran\u00ed expulsado por los hunos que se instal\u00f3 en nuestro continente. En Alemania, los alanos cruzaron el bullenbeiser, un mast\u00edn bastante tosco, con el galgo, lo que permiti\u00f3 crear el <strong>Dogo Alem\u00e1n<\/strong>.<\/p>\n<h4><strong>Historia.<a href=\"https:\/\/www.adiestradorcanino.com\/webdelperro\/wp-content\/uploads\/2012\/12\/dogo-aleman-negro.jpg\"><img loading=\"lazy\" decoding=\"async\" class=\"alignright  wp-image-2038\" title=\"dogo-aleman-negro\" src=\"https:\/\/www.adiestradorcanino.com\/webdelperro\/wp-content\/uploads\/2012\/12\/dogo-aleman-negro.jpg\" alt=\"adiestrador canino Madrid\" width=\"264\" height=\"273\" srcset=\"https:\/\/www.adiestradorcanino.com\/webdelperro\/wp-content\/uploads\/2012\/12\/dogo-aleman-negro.jpg 400w, https:\/\/www.adiestradorcanino.com\/webdelperro\/wp-content\/uploads\/2012\/12\/dogo-aleman-negro-290x300.jpg 290w\" sizes=\"(max-width: 264px) 100vw, 264px\" \/><\/a><\/strong><\/h4>\n<p>El fuerte y poderoso Dogo Alem\u00e1n no siempre fue el \u00abgigante amable\u00bb que suele representarse y describirse en la actualidad. De hecho, era un luchador y cazador agresivo muy temido debido a su temperamento \u00e1spero y a su talante combativo. Afortunadamente, mediante excelentes programas de cr\u00eda y aficionados dedicados, esta raza se ha transformado a lo largo de los a\u00f1os en un perro de trabajo amistoso y cari\u00f1oso, adecuado para familias de todo el mundo.<\/p>\n<p>Podr\u00eda haber existido un perro semejante al Dogo Alem\u00e1n hace m\u00e1s de 2.000 a\u00f1os. Se cree que unos perros parecidos a los Dogos Alemanes pertenecieron, a uno de los pueblos de Asia: los asirios. \u00c9stos utilizaban esta antigua raza para la caza de jabal\u00edes y otras piezas de caza mayor. Las expertas habilidades de caza del Dogo Alem\u00e1n le permit\u00edan capturar y matar a estos animales salvajes, que ser\u00edan utilizados m\u00e1s adelante como alimento por este pueblo asi\u00e1tico.<\/p>\n<p>Aunque el Dogo Alem\u00e1n fue, criado como perro de caza y de pelea, era principalmente tenido como un objeto de valor excepcional para las clases gobernantes europeas. La raza era apreciada por su espectacular conformaci\u00f3n, su fuerza, su valent\u00eda y su resistencia. Actualmente, conserva muchas de estas caracter\u00edsticas.<\/p>\n<p>Otras fuentes indican que el Dogo Alem\u00e1n podr\u00eda haber derivado de un perro de tipo mast\u00edn presente en Inglaterra durante el siglo XVI. Los griegos, los romanos y los persas tambi\u00e9n ten\u00edan ejemplares de estos perros de tipo mast\u00edn. El origen del Dogo Alem\u00e1n no est\u00e1 totalmente claro. No existe una documentaci\u00f3n formal que pueda especificar de forma definitiva sus or\u00edgenes y su desarrollo.<\/p>\n<h4><strong>La influencia alemana.<\/strong><\/h4>\n<p>Seguro que el Dogo Alem\u00e1n inici\u00f3 su desarrollo y su florecimiento en Alemania. A lo largo de la historia, podemos remontar los or\u00edgenes de muchos ejemplares influyentes hasta llegar a animales de origen alem\u00e1n y, actualmente, muchos pedigrees campeones en todo el mundo siguen siendo de animales criados a partir de l\u00edneas alemanas.<\/p>\n<p>La popularidad de la raza aument\u00f3 por toda Alemania cuando el pr\u00edncipe Otto von Bismarck empez\u00f3 a tener varios de ellos como mascotas. La raza hizo su primera aparici\u00f3n en las exposiciones caninas alemanas en 1863. No fue hasta finales del siglo XIX cuando la raza comenz\u00f3 a llegar a otros pa\u00edses. Uno de los ejemplares alemanes m\u00e1s famosos de todos los tiempos fue Opal von Harlekin, un DogoAlem\u00e1n arlequino criado por Herr Fuchs. Muchos de los Dogos Alemanes exhibidos en la actualidad en este pa\u00eds siguen poseyendo la excelente conformaci\u00f3n que ten\u00edan sus antepasados hace cientos de a\u00f1os.<\/p>\n<h4><strong>El Dogo Alem\u00e1n en el Reino Unido.<a href=\"https:\/\/www.adiestradorcanino.com\/webdelperro\/wp-content\/uploads\/2012\/12\/dogo-aleman-leonado-2.jpg\"><img loading=\"lazy\" decoding=\"async\" class=\"alignright size-full wp-image-2039\" title=\"dogo-aleman-leonado (2)\" src=\"https:\/\/www.adiestradorcanino.com\/webdelperro\/wp-content\/uploads\/2012\/12\/dogo-aleman-leonado-2.jpg\" alt=\"adiestrador canino Madrid\" width=\"310\" height=\"288\" srcset=\"https:\/\/www.adiestradorcanino.com\/webdelperro\/wp-content\/uploads\/2012\/12\/dogo-aleman-leonado-2.jpg 310w, https:\/\/www.adiestradorcanino.com\/webdelperro\/wp-content\/uploads\/2012\/12\/dogo-aleman-leonado-2-300x278.jpg 300w\" sizes=\"(max-width: 310px) 100vw, 310px\" \/><\/a><\/strong><\/h4>\n<p>En Inglaterra, el crecimiento en la popularidad de esta raza fue lento al principio, aunque fue cambiando a medida que pasaron los a\u00f1os.<br \/>\nEn sus or\u00edgenes, el Dogo Alem\u00e1n era llamado Perro Alem\u00e1n para Jabal\u00edes, y era considerado como un perro de caza. (No fue hasta 1894 cuando su nombre fue cambiado por el de Dogo Alem\u00e1n)\u200f.<\/p>\n<p>La cr\u00eda de Dogos Alemanes disminuy\u00f3 considerablemente durante la Primera Guerra Mundial, aunque se reemprendi\u00f3 poco despu\u00e9s, gracias a Mr. J. V. Rank (propietario del criadero Ouborough) y Gordon Stewart (propietario del criadero Send).<\/p>\n<p>La Segunda Guerra Mundial afect\u00f3 a la cr\u00eda del Dogo Alem\u00e1n de forma m\u00e1s severa que la Primera Guerra Mundial. La raza sufri\u00f3 enormemente y, una vez m\u00e1s, estuvo al borde de la extinci\u00f3n. Mr. J. V. Rank segu\u00eda criando, aunque a una escala mucho menor, y nombres como los de Gladys Clayton, Muriel Osborn (propietaria del famoso criadero Blendons) y Miss M. Lomas continuaron haciendo progresar a esta raza.<\/p>\n<p>La d\u00e9cada de 1950 fue memorable para los Dogos Alemanes en Gran Breta\u00f1a. Ch. Elch Elder of Ouborugh (criado por Mrs. Rank) fue el primer Dogo Alem\u00e1n en obtener la victoria en la prestigiosa exposici\u00f3n canina de belleza Crufts en 1953.<\/p>\n<p>Actualmente, el Dogo Alem\u00e1n contin\u00faa gozando de buena salud en Gran Breta\u00f1a. La devoci\u00f3n por la raza es fuerte y muchos criaderos se han hecho c\u00e9lebres apostando por esta raza.<\/p>\n<h4><strong>Caracter\u00edsticas del Dogo alem\u00e1n.<a href=\"https:\/\/www.adiestradorcanino.com\/webdelperro\/wp-content\/uploads\/2012\/12\/dogo-aleman-arlequin2.jpg\"><img loading=\"lazy\" decoding=\"async\" class=\"alignright  wp-image-2040\" title=\"dogo-aleman-arlequin2\" src=\"https:\/\/www.adiestradorcanino.com\/webdelperro\/wp-content\/uploads\/2012\/12\/dogo-aleman-arlequin2.jpg\" alt=\"adiestrador canino Madrid\" width=\"212\" height=\"296\" srcset=\"https:\/\/www.adiestradorcanino.com\/webdelperro\/wp-content\/uploads\/2012\/12\/dogo-aleman-arlequin2.jpg 393w, https:\/\/www.adiestradorcanino.com\/webdelperro\/wp-content\/uploads\/2012\/12\/dogo-aleman-arlequin2-215x300.jpg 215w\" sizes=\"(max-width: 212px) 100vw, 212px\" \/><\/a><\/strong><\/h4>\n<ul>\n<li><strong>Altura a la cruz:<\/strong> 80 cm m\u00ednimo en los machos y 72 cm m\u00ednimo en las hembras.<\/li>\n<li><strong>Peso:<\/strong> de 60 a 80 kg aproximadamente.<\/li>\n<li><strong>Capa:<\/strong> leonada, atrigrada, azul, negro o arlequinada.<\/li>\n<li><strong>Promedio de vida:<\/strong> once a\u00f1os.<\/li>\n<li><strong>Car\u00e1cter:<\/strong> tranquilo, majestuoso y muy apegado a sus due\u00f1os.<\/li>\n<li><strong>Relaci\u00f3n con los ni\u00f1os:<\/strong> muy buena.<\/li>\n<li><strong>Relaci\u00f3n con otros perros:<\/strong> buena.<\/li>\n<li><strong>Aptitudes:<\/strong> excelente guardi\u00e1n.<\/li>\n<li><strong>Necesidades del espacio:<\/strong> necesita un jard\u00edn.<\/li>\n<li><strong>Alimentaci\u00f3n del Dogo Alem\u00e1n:<\/strong> de 900 a 1100 g. diarios de alimento completo seco adaptado a las razas gigantes.<\/li>\n<li><strong>Arreglo:<\/strong> nulo.<\/li>\n<li><strong>Coste mantenimiento:<\/strong> elevado.<\/li>\n<\/ul>\n<h4><strong>\u00bfEs el Dogo Alem\u00e1n un perro adecuado?<\/strong><\/h4>\n<p>Deben tenerse en cuenta muchas cosas. \u00bfDispone del espacio necesario para un perro y, m\u00e1s en concreto, para un perro del tama\u00f1o de un Dogo Alem\u00e1n? \u00bfDispone del tiempo necesario para adiestrar al perro y para proporcionarle el cari\u00f1o y la compa\u00f1\u00eda que necesita? \u00bfDispone de los recursos econ\u00f3micos necesarios para cuidar y alimentar a un Dogo Alem\u00e1n?.<\/p>\n<p>El Dogo Alem\u00e1n, que es fiel, leal y formal, es un compa\u00f1ero y un amigo imponente. El DogoAlem\u00e1n es un maravilloso compa\u00f1ero para la familia que quiere a los adultos y a los ni\u00f1os por igual. La raza se adapta f\u00e1cilmente al hogar y establece v\u00ednculos r\u00e1pidamente con los miembros de su nueva familia. A esta raza le encanta que le presten atenci\u00f3n y ser\u00e1 muy infeliz si no recibe el cari\u00f1o y la admiraci\u00f3n de su familia. Se trata de un perro al que le encantan, verdaderamente, las personas.<br \/>\nPor alguna raz\u00f3n, la raza parece tener un encanto instant\u00e1neo para las personas.<\/p>\n<h4><strong>Temperamento\/ Comportamiento.<a href=\"https:\/\/www.adiestradorcanino.com\/webdelperro\/wp-content\/uploads\/2012\/12\/cachorros-dogo-aleman-1.jpg\"><img loading=\"lazy\" decoding=\"async\" class=\"alignright  wp-image-2041\" title=\"cachorros-dogo-aleman-1\" src=\"https:\/\/www.adiestradorcanino.com\/webdelperro\/wp-content\/uploads\/2012\/12\/cachorros-dogo-aleman-1.jpg\" alt=\"adiestrador canino Madrid\" width=\"360\" height=\"257\" srcset=\"https:\/\/www.adiestradorcanino.com\/webdelperro\/wp-content\/uploads\/2012\/12\/cachorros-dogo-aleman-1.jpg 400w, https:\/\/www.adiestradorcanino.com\/webdelperro\/wp-content\/uploads\/2012\/12\/cachorros-dogo-aleman-1-300x214.jpg 300w\" sizes=\"(max-width: 360px) 100vw, 360px\" \/><\/a><\/strong><\/h4>\n<p>Es amable, cari\u00f1oso y devoto con sus due\u00f1os, especialmente con los ni\u00f1os. Es reservado con los extra\u00f1os. Se requiere que sea un perro seguro de s\u00ed mismo, no temeroso, f\u00e1cil de guiar, un compa\u00f1ero d\u00f3cil y de familia. Debe poseer una gran resistencia a cualquier provocaci\u00f3n y no debe ser agresivo.<\/p>\n<h4><strong>El Dogo Alem\u00e1n como perro de guarda.<\/strong><\/h4>\n<p>Debido a su gran cari\u00f1o por los miembros de su familia, no aceptan a los extra\u00f1os f\u00e1cilmente. Generalmente, llevar\u00e1 algo de tiempo que el Dogo Alem\u00e1n acepte a las personas que no conoce.<br \/>\nNo hay duda de que el Dogo Alem\u00e1n es una raza que intimida mucho. Aunque puede mostrarse bastante reservado con la gente a la que no conoce, esto no deber\u00eda tomarse como algo negativo. La raza s\u00f3lo lleva a cabo lo que siente como su oficio: proteger a su familia a cualquier precio.<\/p>\n<p>El Dogo Alem\u00e1n tiene un ladrido muy alto y fiero que generalmente desalentar\u00e1 a los extra\u00f1os o los intrusos que quieran invadir nuestra propiedad o nuestro hogar. Normalmente, el enorme tama\u00f1o de esta raza es suficiente para asustar a cualquier persona con el poco juicio como para retarle a \u00e9l o a los miembros de su familia.<br \/>\nAunque el Dogo Alem\u00e1n act\u00faa bien como perro de guarda, su valiente aspecto no deber\u00eda confundirse con la de un animal agresivo. Esta raza es muy cari\u00f1osa y la mayor\u00eda de los ejemplares no matar\u00edan ni a una mosca. De todas formas, si son provocados, se defender\u00e1n a s\u00ed mismos y a su familia.<\/p>\n<h4><strong>\u00bfCu\u00e1nto ejercicio es suficiente?<a href=\"https:\/\/www.adiestradorcanino.com\/webdelperro\/wp-content\/uploads\/2012\/12\/dogo-aleman-leonado.jpg\"><img loading=\"lazy\" decoding=\"async\" class=\"alignright  wp-image-2042\" title=\"dogo-aleman-leonado\" src=\"https:\/\/www.adiestradorcanino.com\/webdelperro\/wp-content\/uploads\/2012\/12\/dogo-aleman-leonado.jpg\" alt=\"adiestrador canino Madrid\" width=\"240\" height=\"240\" srcset=\"https:\/\/www.adiestradorcanino.com\/webdelperro\/wp-content\/uploads\/2012\/12\/dogo-aleman-leonado.jpg 400w, https:\/\/www.adiestradorcanino.com\/webdelperro\/wp-content\/uploads\/2012\/12\/dogo-aleman-leonado-150x150.jpg 150w, https:\/\/www.adiestradorcanino.com\/webdelperro\/wp-content\/uploads\/2012\/12\/dogo-aleman-leonado-300x300.jpg 300w\" sizes=\"(max-width: 240px) 100vw, 240px\" \/><\/a><\/strong><\/h4>\n<p>El Dogo Alem\u00e1n es un poderoso perro de trabajo que fue criado, en sus or\u00edgenes, para la caza mayor hace siglos. Seg\u00fan las necesidades y expectativas actuales, esta raza no necesita hacer tanto ejercicio como podr\u00eda sugerir su tama\u00f1o. El Dogo Alem\u00e1n no necesita hacer m\u00e1s ejercicio que un perro de tama\u00f1o normal. Si dispone del tiempo para sacarle a dar largos paseos diarios o una corta carrera en un campo o un parque, deber\u00eda resultar suficiente. Mientras su Dogo Alem\u00e1n pueda estirar sus largas y fuertes patas a diario, satisfar\u00e1 sus necesidades de ejercicio. La combinaci\u00f3n entre un buen programa de alimentaci\u00f3n y de ejercicio nos asegurar\u00e1 que tendremos un perro sano y atractivo. Recuerde no exagerar nunca el ejercicio en el caso de un cachorro en crecimiento, ya que su agotamiento puede tener efectos duraderos y negativos sobre los ligamentos y huesos en crecimiento de un perro.<\/p>\n<h4><strong>Las preocupaciones relativas a la salud del Dogo Alem\u00e1n.<\/strong><\/h4>\n<p>El Dogo Alem\u00e1n es una raza canina muy sana. En su conjunto, padecen muy pocos problemas de salud por los que un propietario deba preocuparse.<\/p>\n<h4><strong>Los problemas de salud m\u00e1s comunes son:<\/strong><\/h4>\n<p><strong>Torsi\u00f3n g\u00e1strica<\/strong><strong>: <\/strong>La torsi\u00f3n o hinchaz\u00f3n g\u00e1strica es un problema que afecta a las razas caninas gigantes y de t\u00f3rax profundo. Puede darse en razas peque\u00f1as, pero las razas de mayor tama\u00f1o son m\u00e1s susceptibles de padecerla. Los propietarios de un Dogo Alem\u00e1n deben estar atentos a este grave problema que implica la liberaci\u00f3n de gas en el est\u00f3mago a partir del alimento ingerido por el perro y que acaba haciendo que el est\u00f3mago se gire y se d\u00e9 la vuelta. Lo que hace que este problema sea tan grave es que no puedes saber cu\u00e1ndo se va a producir. Si no llevamos al perro inmediatamente a una consulta veterinaria, lo m\u00e1s normal es que muera.<\/p>\n<p><strong>Objetos extra\u00f1os y sustancias venenosas.<a href=\"https:\/\/www.adiestradorcanino.com\/webdelperro\/wp-content\/uploads\/2012\/12\/dogo-aleman-arlequin.jpg\"><img loading=\"lazy\" decoding=\"async\" class=\"alignright  wp-image-2043\" title=\"dogo-aleman-arlequin\" src=\"https:\/\/www.adiestradorcanino.com\/webdelperro\/wp-content\/uploads\/2012\/12\/dogo-aleman-arlequin.jpg\" alt=\"adiestrador canino Madrid\" width=\"203\" height=\"270\"><\/a><\/strong><\/p>\n<p>El cachorro de Dogo Alem\u00e1n puede ser muy curioso. Su curiosidad puede hacer que a veces se meta en serios problemas. No es infrecuente que cojan piedras u otras sustancias extra\u00f1as del suelo. Al hacerlo, podr\u00edan tragarse algo extremadamente da\u00f1ino, por no decir mortal. Es importante mantener cualquier objeto peque\u00f1o, l\u00edquido venenoso, detergente o l\u00edquidos de la limpieza lejos del alcance del cachorro y del perro adulto. Recuerde que el Dogo Alem\u00e1n tiene un tama\u00f1o mayor que el de la mayor\u00eda de las razas caninas y que, por tanto, puede llegar a lugares a los que los perros de tama\u00f1o normal no podr\u00edan alcanzar.<\/p>\n<p>Si sospecha que su Dogo Alem\u00e1n se ha tragado alg\u00fan objeto extra\u00f1o, induzca el v\u00f3mito de inmediato. El agua oxigenada o el carbonato s\u00f3dico en la boca del perro har\u00e1 que \u00e9ste vomite, y es de esperar que elimine as\u00ed cualquier objeto o l\u00edquido extra\u00f1o que se haya tragado.<\/p>\n<p><strong>Manchas juveniles.<\/strong><\/p>\n<p>Se trata de un problema que provoca la aparici\u00f3n de unos puntos negros o marrones inofensivos alrededor de la boca y debajo de la barbilla. Aunque se desconoce la causa de ello, estos puntos desaparecer\u00e1n con el tiempo.<\/p>\n<p><strong>Problemas cardiacos.<\/strong><\/p>\n<p>Los Dogos Alemanes pueden ser susceptibles de padecer un grave problema que afecta a la musculatura cardiaca, y que se conoce como cardiomiopat\u00eda dilatada, que acaba por provocar un fallo cardiaco. Este defecto del m\u00fasculo cardiaco es com\u00fan en razas de gran tama\u00f1o como el Dogo Alem\u00e1n, el Doberman y el Pastor Alem\u00e1n, adem\u00e1s de en algunas razas de spaniels. El coraz\u00f3n afectado por este problema es incapaz de bombear adecuadamente porque est\u00e1 dilatado. En gran medida se desconoce la causa, aunque se sugiere una predisposici\u00f3n gen\u00e9tica. Los primeros s\u00edntomas, en el caso del Dogo Alem\u00e1n, incluyen la tos, la debilidad general, la depresi\u00f3n y un menor inter\u00e9s en el alimento y en el ejercicio, adem\u00e1s de la posibilidad de un aumento de la frecuencia cardiaca.<\/p>\n<p><strong>S\u00edndrome del tambaleo.<a href=\"https:\/\/www.adiestradorcanino.com\/webdelperro\/wp-content\/uploads\/2012\/12\/cachorro-dogo-aleman.jpg\"><img loading=\"lazy\" decoding=\"async\" class=\"alignright  wp-image-2044\" title=\"cachorro-dogo-aleman\" src=\"https:\/\/www.adiestradorcanino.com\/webdelperro\/wp-content\/uploads\/2012\/12\/cachorro-dogo-aleman.jpg\" alt=\"adiestrador canino Madrid\" width=\"254\" height=\"244\" srcset=\"https:\/\/www.adiestradorcanino.com\/webdelperro\/wp-content\/uploads\/2012\/12\/cachorro-dogo-aleman.jpg 550w, https:\/\/www.adiestradorcanino.com\/webdelperro\/wp-content\/uploads\/2012\/12\/cachorro-dogo-aleman-300x288.jpg 300w\" sizes=\"(max-width: 254px) 100vw, 254px\" \/><\/a><\/strong><\/p>\n<p>El s\u00edndrome del tambaleo es un problema grave provocado por la compresi\u00f3n de la m\u00e9dula espinal que, a su vez, provoca que la osamenta del cuello quede afectada. Los perros que padecen este problema no suelen poder soportar el peso de su parte posterior y tienen un movimiento como el de un borracho. Suele aparecer en perros que tienen entre tres y cinco meses de vida. Aunque se dispone de la cirug\u00eda para corregir el problema, la mayor\u00eda de los intentos no tienen \u00e9xito. Este problema es hereditario, y cualquier perro que lo padezca no deber\u00eda ser utilizado como reproductor en ning\u00fan programa de cr\u00eda.<\/p>\n<p><strong>Displasia de cadera.<\/strong><\/p>\n<p>La displasia de cadera es un problema bien conocido que afecta a muchas razas caninas de caza, pastoreo y trabajo. Suele afectar a una o a ambas articulaciones de la cadera y viene como resultado de que la cabeza femoral no encaja bien en el acet\u00e1bulo de la cadera. Este problema puede ser hereditario o provocado por una r\u00e1pida ganancia de peso en los perros j\u00f3venes. Aunque disponemos de la cirug\u00eda para corregir el problema, la mayor\u00eda de las operaciones son muy caras y no siempre tienen \u00e9xito. Los perros que den un resultado positivo mediante radiograf\u00edas no deber\u00edan ser utilizados en un programa de cr\u00eda.<\/p>\n<p><strong>Entropi\u00f3n\/Ectropi\u00f3n.<\/strong><\/p>\n<p>Aunque no es muy frecuente, el entropi\u00f3n se da en los Dogos Alemanes. Este problema implica que el p\u00e1rpado est\u00e1 vuelto hacia dentro, lo que da como resultado que las pesta\u00f1as rasquen la superficie del globo ocular. Puede ser un problema muy doloroso que acabe dando lugar a una \u00falcera de la c\u00f3rnea. Afortunadamente se dispone de tratamiento que podr\u00e1 suministrarle el veterinario.<\/p>\n<p>En el ectropi\u00f3n el p\u00e1rpado inferior est\u00e1 vuelto hacia fuera. El resultado final suele ser una grave irritaci\u00f3n ocular (enrojecimiento, picor, etc.) y, posiblemente, infecci\u00f3n y descargas. Este problema hereditario tambi\u00e9n puede tratarse mediante ung\u00fcentos y antibi\u00f3ticos que le proporcionar\u00e1 el veterinario.<\/p>\n<h4><strong>Est\u00e1ndar seg\u00fan la FCI del dogo alem\u00e1n.<a href=\"https:\/\/www.adiestradorcanino.com\/webdelperro\/wp-content\/uploads\/2012\/12\/dogo-aleman-atigrado-2.jpg\"><img loading=\"lazy\" decoding=\"async\" class=\"alignright  wp-image-2045\" title=\"dogo-aleman-atigrado (2)\" src=\"https:\/\/www.adiestradorcanino.com\/webdelperro\/wp-content\/uploads\/2012\/12\/dogo-aleman-atigrado-2.jpg\" alt=\"adiestrador canino Madrid\" width=\"241\" height=\"250\" srcset=\"https:\/\/www.adiestradorcanino.com\/webdelperro\/wp-content\/uploads\/2012\/12\/dogo-aleman-atigrado-2.jpg 313w, https:\/\/www.adiestradorcanino.com\/webdelperro\/wp-content\/uploads\/2012\/12\/dogo-aleman-atigrado-2-289x300.jpg 289w\" sizes=\"(max-width: 241px) 100vw, 241px\" \/><\/a><\/strong><\/h4>\n<p><strong>Apariencia general.<\/strong><\/p>\n<p>El <strong>Gran Dan\u00e9s<\/strong> re\u00fane en su aristocr\u00e1tica apariencia general, en una estructura grande y bien dotada, orgullo, fuerza y elegancia. Por su sustancia al igual que su distinci\u00f3n, la armon\u00eda de su apariencia, sus l\u00edneas bien proporcionadas como as\u00ed tambi\u00e9n su cabeza notablemente expresiva impresiona al observador como una noble estatua. Es el <strong>Apolo<\/strong> dentro de las razas caninas.<\/p>\n<p><strong>Proporciones importantes.<\/strong><\/p>\n<p>Su estructura es casi cuadrada, particularmente en los machos. El largo del cuerpo (desde la punta del estern\u00f3n hasta la punta del isqui\u00f3n) debe ser igual a la altura a la cruz; no m\u00e1s de un 5% en los machos y no m\u00e1s de un 10% en las hembras.<\/p>\n<p><strong>Cabeza.<\/strong><\/p>\n<p><strong>Regi\u00f3n craneal.<\/strong><\/p>\n<ul>\n<li><strong>Cr\u00e1neo:<\/strong> En perfecta armon\u00eda con su apariencia general. Es largo, estrecho, bien marcado, muy expresivo y finamente cincelado (especialmente la zona por debajo de los ojos).<\/li>\n<\/ul>\n<p>La distancia desde la punta de la nariz al stop y desde el stop hasta la protuberancia occipital levemente definida deber\u00e1 ser la misma en la medida de lo posible. La l\u00ednea superior de la ca\u00f1a nasal y la del cr\u00e1neo deben correr en forma paralela. Vista desde adelante la cabeza debe parecer angosta y la ca\u00f1a nasal debe ser en lo posible ancha mientras que los m\u00fasculos de las mejillas s\u00f3lo deben estar levemente definidos, nunca deben sobresalir marcadamente.<\/p>\n<ul>\n<li><strong>Depresi\u00f3n naso-frontal (Stop):<\/strong> Bien definida.<a href=\"https:\/\/www.adiestradorcanino.com\/webdelperro\/wp-content\/uploads\/2012\/12\/dogo-aleman-negro1.jpg\"><img loading=\"lazy\" decoding=\"async\" class=\"alignright size-full wp-image-2047\" title=\"dogo-aleman-negro1\" src=\"https:\/\/www.adiestradorcanino.com\/webdelperro\/wp-content\/uploads\/2012\/12\/dogo-aleman-negro1.jpg\" alt=\"adiestrador canino Madrid\" width=\"300\" height=\"300\" srcset=\"https:\/\/www.adiestradorcanino.com\/webdelperro\/wp-content\/uploads\/2012\/12\/dogo-aleman-negro1.jpg 300w, https:\/\/www.adiestradorcanino.com\/webdelperro\/wp-content\/uploads\/2012\/12\/dogo-aleman-negro1-150x150.jpg 150w\" sizes=\"(max-width: 300px) 100vw, 300px\" \/><\/a><\/li>\n<\/ul>\n<p><strong>Regi\u00f3n facial.<\/strong><\/p>\n<ul>\n<li><strong>Trufa:<\/strong> Bien desarrollada, m\u00e1s ancha que redonda con ventanas nasales bien abiertas. Debe ser de color negro, con la excepci\u00f3n del Gran Dan\u00e9s arlequ\u00edn (manchas negras y blancas). En estos \u00faltimos es deseable una nariz negra, pero se tolera tambi\u00e9n una pigmentaci\u00f3n en mariposa (parcialmente pigmentada) o de color carne. En los perros azules, la trufa es de color antracita (negro diluido).<\/li>\n<li><strong>Hocico:<\/strong> Profundo y en lo posible rectangular. Bordes de los labios bien definidos. Labios con pigmentaci\u00f3n oscura. En los perros de tipo arlequ\u00edn son tolerados los labios con pigmentaci\u00f3n parcial o de color carne.<\/li>\n<li><strong>Mand\u00edbulas\/ Dientes:<\/strong> Maxilares anchos y bien desarrollados. Mordida en tijera fuerte, sana y completa (42 dientes de acuerdo a la formaci\u00f3n dental habitual).<\/li>\n<li><strong>Ojos:<\/strong> Medianamente grandes, con una expresi\u00f3n viva amable e inteligente, preferentemente oscuros, forma almendrada, con p\u00e1rpados bien adherentes. En el Gran Dan\u00e9s azul se permite una coloraci\u00f3n ligeramente m\u00e1s clara de los ojos. En los arlequines se toleran ojos claros o bien que ambos sean de distinto color (anisocrom\u00eda).<\/li>\n<li><strong>Orejas:<\/strong> De inserci\u00f3n alta, ca\u00eddas por naturaleza, de tama\u00f1o mediano. Los bordes frontales cuelgan junto a las mejillas.<\/li>\n<\/ul>\n<p><strong>Cuello.<\/strong><\/p>\n<p>Largo, seco, musculoso. Inserci\u00f3n bien formada afin\u00e1ndose levemente hacia la cabeza con una l\u00ednea arqueada y porte erguido con una leve inclinaci\u00f3n hacia adelante.<\/p>\n<p><strong>Cuerpo.<a href=\"https:\/\/www.adiestradorcanino.com\/webdelperro\/wp-content\/uploads\/2012\/12\/dogo-aleman-leonado2.jpg\"><img loading=\"lazy\" decoding=\"async\" class=\"alignright  wp-image-2048\" title=\"dogo-aleman-leonado2\" src=\"https:\/\/www.adiestradorcanino.com\/webdelperro\/wp-content\/uploads\/2012\/12\/dogo-aleman-leonado2.jpg\" alt=\"adiestrador canino Madrid\" width=\"290\" height=\"230\" srcset=\"https:\/\/www.adiestradorcanino.com\/webdelperro\/wp-content\/uploads\/2012\/12\/dogo-aleman-leonado2.jpg 362w, https:\/\/www.adiestradorcanino.com\/webdelperro\/wp-content\/uploads\/2012\/12\/dogo-aleman-leonado2-300x238.jpg 300w\" sizes=\"(max-width: 290px) 100vw, 290px\" \/><\/a><\/strong><\/p>\n<ul>\n<li><strong>Cruz:<\/strong> Es el punto m\u00e1s alto del robusto cuerpo. Est\u00e1 formada por el punto m\u00e1s alto de las esc\u00e1pulas y se extiende m\u00e1s all\u00e1 de las protuberancias vertebrales.<\/li>\n<li><strong>Espalda:<\/strong> Corta y firme en una l\u00ednea casi recta con una imperceptible ca\u00edda hacia atr\u00e1s.<\/li>\n<li><strong>Lomo:<\/strong> Ligeramente arqueado, ancho, con buena musculatura.<\/li>\n<li><strong>Grupa:<\/strong> Ancha, con fuerte musculatura, ligeramente ca\u00edda desde el sacro hasta la inserci\u00f3n de la cola con la cual se fusiona imperceptiblemente.<\/li>\n<li><strong>Pecho:<\/strong> Alcanza hasta la articulaci\u00f3n de los codos. Las costillas bien arqueadas se extienden bien hacia atr\u00e1s. El t\u00f3rax es de buena amplitud con antepecho bien definido.<\/li>\n<li><strong>L\u00ednea inferior:<\/strong> Vientre retra\u00eddo bien hacia la parte posterior, formando una l\u00ednea curva moderada con la porci\u00f3n inferior del t\u00f3rax.<\/li>\n<\/ul>\n<p><strong>Cola.<\/strong><\/p>\n<p>Alcanza hasta la articulaci\u00f3n tibio-tarsiana. Inserci\u00f3n alta y ancha, adelgaz\u00e1ndose uniformemente hasta la punta.<br \/>\nEn reposo cuelga hacia abajo formando una curva natural. Cuando el perro est\u00e1 excitado o en movimiento la lleva ligeramente en forma de sable, pero sin sobrepasar mucho la l\u00ednea dorsal. No es deseable la presencia de pelo grueso por debajo de la cola.<\/p>\n<p><strong>Extremidades.<\/strong><\/p>\n<p><strong>Miembros anteriores.<\/strong><\/p>\n<ul>\n<li><strong>Hombros:<\/strong> Poseen una fuerte musculatura. La esc\u00e1pula larga e inclinada forma un \u00e1ngulo de aproximadamente 100\u00ba a 110\u00ba con el brazo.<\/li>\n<\/ul>\n<p><strong>Brazo:<\/strong> Fuerte y musculoso, pegado al cuerpo, deber\u00eda ser un poco m\u00e1s largo que la esc\u00e1pula. <a href=\"https:\/\/www.adiestradorcanino.com\/webdelperro\/wp-content\/uploads\/2012\/12\/dogo-aleman-atigrado.jpg\"><img loading=\"lazy\" decoding=\"async\" class=\"alignright  wp-image-2049\" title=\"dogo-aleman-atigrado\" src=\"https:\/\/www.adiestradorcanino.com\/webdelperro\/wp-content\/uploads\/2012\/12\/dogo-aleman-atigrado.jpg\" alt=\"adiestrador canino Madrid\" width=\"294\" height=\"221\" srcset=\"https:\/\/www.adiestradorcanino.com\/webdelperro\/wp-content\/uploads\/2012\/12\/dogo-aleman-atigrado.jpg 614w, https:\/\/www.adiestradorcanino.com\/webdelperro\/wp-content\/uploads\/2012\/12\/dogo-aleman-atigrado-300x224.jpg 300w\" sizes=\"(max-width: 294px) 100vw, 294px\" \/><\/a><\/p>\n<ul>\n<li><strong>Codos:<\/strong> Sin desviaciones, ni hacia adentro ni hacia afuera.<\/li>\n<li><strong>Antebrazo:<\/strong> Fuerte, musculoso. Visto de frente o de costado totalmente recto.<\/li>\n<li><strong>Articulaci\u00f3n del radiocarpiano:<\/strong> Fuerte, estable, se distingue muy poco de la estructura del antebrazo.<\/li>\n<li><strong>Metacarpo:<\/strong> Visto de frente, fuerte y recto. De perfil, muestra una inclinaci\u00f3n muy leve hacia adelante.<\/li>\n<li><strong>Pies anteriores:<\/strong> Redondos, bien arqueados con dedos bien juntos (pie de gato). U\u00f1as cortas, fuertes, lo m\u00e1s oscuras posibles.<\/li>\n<\/ul>\n<p><strong>Miembros posteriores.<\/strong><\/p>\n<p>El esqueleto completo est\u00e1 cubierto por m\u00fasculos fuertes que hacen que la grupa, caderas y muslos tengan una apariencia ancha y redonda. Las extremidades posteriores est\u00e1n bien anguladas y fuertes, vistas desde atr\u00e1s son paralelas a las extremidades anteriores.<\/p>\n<ul>\n<li><strong>Muslos:<\/strong> Largos, anchos y muy musculosos.<\/li>\n<li><strong>Rodillas:<\/strong> Fuertes, colocadas en forma casi vertical por debajo de la articulaci\u00f3n de la cadera.<\/li>\n<li><strong>Piernas:<\/strong> Largas, aproximadamente del mismo largo que los muslos. Con musculatura desarrollada.<\/li>\n<li><strong>Articulaci\u00f3n tibio-tarsiana (Corvej\u00f3n)<\/strong>: Fuerte, estable, sin desviaciones, ni hacia afuera ni hacia adentro.<\/li>\n<li><strong>Metatarso:<\/strong> Corto, fuerte, casi perpendicular al piso.<\/li>\n<li><strong>Pies posteriores:<\/strong> Redondos, bien arqueados con dedos bien juntos (pie de gato). U\u00f1as cortas, fuertes, lo m\u00e1s oscuras posibles.<\/li>\n<\/ul>\n<p><strong>Movimiento.<a href=\"https:\/\/www.adiestradorcanino.com\/webdelperro\/wp-content\/uploads\/2012\/12\/cachorros-dogo-aleman3.jpg\"><img loading=\"lazy\" decoding=\"async\" class=\"alignright  wp-image-2050\" title=\"cachorros-dogo-aleman3\" src=\"https:\/\/www.adiestradorcanino.com\/webdelperro\/wp-content\/uploads\/2012\/12\/cachorros-dogo-aleman3.jpg\" alt=\"adiestrador canino Madrid\" width=\"360\" height=\"177\" srcset=\"https:\/\/www.adiestradorcanino.com\/webdelperro\/wp-content\/uploads\/2012\/12\/cachorros-dogo-aleman3.jpg 600w, https:\/\/www.adiestradorcanino.com\/webdelperro\/wp-content\/uploads\/2012\/12\/cachorros-dogo-aleman3-300x147.jpg 300w\" sizes=\"(max-width: 360px) 100vw, 360px\" \/><\/a><\/strong><\/p>\n<p>Armonioso, \u00e1gil, cubriendo mucho terreno, levemente el\u00e1stico. Las extremidades observadas tanto de frente como por detr\u00e1s deben moverse en forma paralela.<\/p>\n<p><strong>Piel.<\/strong><\/p>\n<p>Pegada, bien pigmentada en los perros con colores s\u00f3lidos. En los perros de tipo arlequ\u00edn la distribuci\u00f3n del pigmento generalmente corresponde con las manchas.<\/p>\n<p><strong>Pelaje:<\/strong><\/p>\n<p><strong>Pelo:<\/strong>Muy corto, tupido, liso, aplanado y de apariencia brillante.<\/p>\n<p><strong>Color.<\/strong><\/p>\n<p>El <strong>Gran Dan\u00e9s<\/strong> se cr\u00eda en tres variedades independientes: leonado y atigrado, arlequ\u00edn y negro, azul.<a href=\"https:\/\/www.adiestradorcanino.com\/webdelperro\/wp-content\/uploads\/2012\/12\/cachorro-dogo-aleman-negro.jpg\"><img loading=\"lazy\" decoding=\"async\" class=\"alignright  wp-image-2051\" title=\"cachorro-dogo-aleman-negro\" src=\"https:\/\/www.adiestradorcanino.com\/webdelperro\/wp-content\/uploads\/2012\/12\/cachorro-dogo-aleman-negro.jpg\" alt=\"adiestrador canino Madrid\" width=\"326\" height=\"244\" srcset=\"https:\/\/www.adiestradorcanino.com\/webdelperro\/wp-content\/uploads\/2012\/12\/cachorro-dogo-aleman-negro.jpg 775w, https:\/\/www.adiestradorcanino.com\/webdelperro\/wp-content\/uploads\/2012\/12\/cachorro-dogo-aleman-negro-300x224.jpg 300w\" sizes=\"(max-width: 326px) 100vw, 326px\" \/><\/a><\/p>\n<ul>\n<li><strong>Leonado:<\/strong> Leonado dorado p\u00e1lido hasta leonado dorado intenso. Es deseable una m\u00e1scara negra. No son deseables peque\u00f1as manchas blancas en el pecho o en los dedos.<\/li>\n<li><strong>Atigrado:<\/strong> Color b\u00e1sico leonado dorado p\u00e1lido hasta leonado dorado intenso con rayas negras regulares y claramente dibujadas que corren en direcci\u00f3n de las costillas. Es deseable una m\u00e1scara negra. No son deseables peque\u00f1as marcas blancas en el pecho y en los dedos.<\/li>\n<li><strong>Arlequ\u00edn (Parches blancos y negros, los asi llamados \u201cTigerdoggen\u201d):<\/strong> Color b\u00e1sico blanco puro, en lo posible sin ning\u00fan moteado. Parches color negro azabache, irregulares, rotos, bien distribuidos en todo el cuerpo. No son deseables los parches grises o parduscos.<\/li>\n<li><strong>Negros:<\/strong> Azabache, se posibilitan marcas blancas. Se incluye aqu\u00ed tambi\u00e9n el \u201cManteltiger\u201d en el que el color negro cubre el cuerpo en forma de manto, pero el hocico, el cuello, el pecho, el vientre, las piernas y la punta de la cola pueden ser blancas, como as\u00ed tambi\u00e9n los ejemplares con un color de base blanco y manchas grandes negras.<\/li>\n<li><strong>Azul:<\/strong> Color azul acero oscuro, permiti\u00e9ndose marcas blancas en el pecho y los pies.<\/li>\n<\/ul>\n<p><strong>Tama\u00f1o.<\/strong><\/p>\n<p><strong>Altura a la Cruz.<a href=\"https:\/\/www.adiestradorcanino.com\/webdelperro\/wp-content\/uploads\/2012\/12\/cachorros_dogo_aleman1.jpg\"><img loading=\"lazy\" decoding=\"async\" class=\"alignright  wp-image-2052\" title=\"cachorros_dogo_aleman1\" src=\"https:\/\/www.adiestradorcanino.com\/webdelperro\/wp-content\/uploads\/2012\/12\/cachorros_dogo_aleman1.jpg\" alt=\"adiestrador canino Madrid\" width=\"368\" height=\"250\" srcset=\"https:\/\/www.adiestradorcanino.com\/webdelperro\/wp-content\/uploads\/2012\/12\/cachorros_dogo_aleman1.jpg 1021w, https:\/\/www.adiestradorcanino.com\/webdelperro\/wp-content\/uploads\/2012\/12\/cachorros_dogo_aleman1-300x204.jpg 300w\" sizes=\"(max-width: 368px) 100vw, 368px\" \/><\/a><\/strong><\/p>\n<ul>\n<li><strong>Machos:<\/strong> Por lo menos 80 cm.<\/li>\n<li><strong>Hembras:<\/strong> Por lo menos 72 cm.<\/li>\n<\/ul>\n<p><strong>Faltas:<\/strong><\/p>\n<p>Cualquier desviaci\u00f3n de los criterios antes mencionados se considera como falta y la gravedad de \u00e9sta se considera al grado de la desviaci\u00f3n del est\u00e1ndar.<\/p>\n<ul>\n<li>\u00a0<strong>Apariencia General:<\/strong> Caracter\u00edsticas sexuales no definidas, falta de armon\u00eda. Demasiado liviano o demasiado tosco.<\/li>\n<li><strong>Car\u00e1cter:<\/strong> Falta de seguridad en s\u00ed mismo, nervioso, f\u00e1cilmente provocable.<\/li>\n<li>\u00a0<strong>Espalda:<\/strong> Espalda hundida, arqueada o demasiado larga. L\u00ednea dorsal ascendente hacia atr\u00e1s.<\/li>\n<li><strong>\u00a0Grupa:<\/strong> Fuertemente ca\u00edda o completamente horizontal.<\/li>\n<li>\u00a0<strong>L\u00ednea inferior:<\/strong> L\u00ednea de vientre no suficientemente elevada. Mamas que no se han retra\u00eddo lo suficiente.<\/li>\n<\/ul>\n<p><strong>Miembros anteriores:<\/strong> Angulaci\u00f3n insuficiente. Huesos livianos, m\u00fasculos d\u00e9biles. Postura no vertical. <a href=\"http:\/\/www.mundoanimalia.com\/\" rel=\"nofollow noopener\" target=\"_blank\">\u00a0<\/a><\/p>\n<ul>\n<li>\u00a0<strong>Hombros:<\/strong> Sueltos, sobrecargados. Colocaci\u00f3n demasiado vertical de las esc\u00e1pulas.<\/li>\n<\/ul>\n<p><strong>Miembros posteriores: <\/strong>Angulaciones muy abiertas o muy cerradas. Articulaciones tibio-tarsianas de vaca. Postura demasiado estrecha o extremidades arqueadas.<\/p>\n<ul>\n<li><strong>Movimiento:<\/strong> Abarca muy poco terreno, acci\u00f3n restringida. Paso de ambladura frecuente o cont\u00ednuo. Falta de coordinaci\u00f3n entre la acci\u00f3n delantera y trasera.<\/li>\n<li><strong>Pelo:<\/strong> Doble pelaje Stockhaar, pelaje mate.<\/li>\n<\/ul>\n<p><strong>Color:<a href=\"https:\/\/www.adiestradorcanino.com\/webdelperro\/wp-content\/uploads\/2012\/12\/dogo-aleman-azul2.jpg\"><img loading=\"lazy\" decoding=\"async\" class=\"alignright size-full wp-image-2053\" title=\"dogo-aleman-azul2\" src=\"https:\/\/www.adiestradorcanino.com\/webdelperro\/wp-content\/uploads\/2012\/12\/dogo-aleman-azul2.jpg\" alt=\"adiestrador canino Madrid\" width=\"167\" height=\"274\"><\/a><\/strong><\/p>\n<p><strong>Leonado:<\/strong> Leonado gris\u00e1ceo, leonado azulado, isabella (Crema), o leonado sucio.Atigrado : Color base azul plateado o isabella. Manchas atigradas descoloridas.<\/p>\n<p><strong>Arlequ\u00edn:<\/strong> Color b\u00e1sico azul gris\u00e1ceo moteado. Parches grandes en gran parte de color leonado-gris\u00e1ceo o azul-gris\u00e1ceo.<\/p>\n<p><strong>Negro:<\/strong> Color leonado-negro, pardo-negro o azul-negro.<\/p>\n<p><strong>Azul:<\/strong> Color azul amarillento o azul-negro.<\/p>\n<p><strong>Faltas graves.<\/strong><\/p>\n<ul>\n<li><strong>Car\u00e1cter:<\/strong> Timidez.<\/li>\n<li><strong>Mand\u00edbulas\/ Dientes:<\/strong> Mordida en pinza.<\/li>\n<li><strong>Ojos:<\/strong> Entropi\u00f3n, ectropi\u00f3n.<\/li>\n<li><strong>Cola:<\/strong> Doblada.<\/li>\n<\/ul>\n<p><strong>Faltas eliminatorias.<\/strong><\/p>\n<ul>\n<li><strong>Car\u00e1cter:<\/strong> Agresividad o morder por temor.<\/li>\n<li><strong>Trufa:<\/strong> Color h\u00edgado o nariz partida.<\/li>\n<li><strong>Mand\u00edbulas\/ Dientes:<\/strong> Prognatismo, Enognatismo, mordida cruzada.<\/li>\n<\/ul>\n<p><strong>Color:<a href=\"https:\/\/www.adiestradorcanino.com\/webdelperro\/wp-content\/uploads\/2012\/12\/dogo-aleman-descansando.jpg\"><img loading=\"lazy\" decoding=\"async\" class=\"alignright  wp-image-2054\" title=\"dogo-aleman-descansando\" src=\"https:\/\/www.adiestradorcanino.com\/webdelperro\/wp-content\/uploads\/2012\/12\/dogo-aleman-descansando.jpg\" alt=\"adiestrador canino Madrid\" width=\"378\" height=\"244\" srcset=\"https:\/\/www.adiestradorcanino.com\/webdelperro\/wp-content\/uploads\/2012\/12\/dogo-aleman-descansando.jpg 540w, https:\/\/www.adiestradorcanino.com\/webdelperro\/wp-content\/uploads\/2012\/12\/dogo-aleman-descansando-300x193.jpg 300w\" sizes=\"(max-width: 378px) 100vw, 378px\" \/><\/a><\/strong><\/p>\n<p><strong>Gran Dan\u00e9s<\/strong> de color leonado o atigrado con marca blanca en la frente (lista), anillo en forma de collar alrededor del cuello, pies blancos o \u201ccalcetas\u201d y la punta de la cola blanca.<\/p>\n<p><strong>Gran Dan\u00e9s<\/strong> azul con marca blanca en la frente, anillo en forma de collar blanco en el cuello, pies blancos o \u201ccalcetas\u201d y punta de la cola blanca.<\/p>\n<p><strong>Gran Dan\u00e9s<\/strong> arlequ\u00edn de color blanco sin negro (albino), as\u00ed como perros sordos. Los llamados tigres de China (Porzellantiger) muestran predominantemente parches de color azul gris\u00e1ceo, leonado o atigrado; los llamados \u201ctigres grises\u201d (Grautiger) tienen un color b\u00e1sico gris con parches negros.<\/p>\n<p><strong>Talla:<\/strong> Por debajo de la altura m\u00ednima.<\/p>\n<p><strong>Nota<\/strong>: Los machos deben tener dos test\u00edculos de apariencia normal completamente descendidos en el escroto.<\/p>\n<p>&nbsp;<\/p>\n<h4><strong>Bibliograf\u00eda.<\/strong><\/h4>\n<p><span style=\"text-decoration: underline;\">http:\/\/www.mundoanimalia.com\/perro\/Dogo_Aleman<\/span><\/p>\n<p><span style=\"text-decoration: underline;\">http:\/\/www.deturcam.com\/spanish\/indexmenu.htm<\/span><\/p>\n<p><span style=\"text-decoration: underline;\">http:\/\/www.sobremascotas.es\/perros\/el-dogo-aleman-caracteristicas<\/span><\/p>\n<p><span style=\"text-decoration: underline;\">http:\/\/www.deulmer.com\/el_retrato_dogo-aleman.mvc?Ch_Meherzugi_Olympia+18162<\/span><\/p>\n<p><span style=\"text-decoration: underline;\">http:\/\/mascotasaldia-domesticos.blogspot.com.es\/2010\/07\/dogo-aleman-arlequin-deutshe-dogge.html<\/span><\/p>\n<p><span style=\"text-decoration: underline;\">http:\/\/www.puppiesbcn.com\/producto\/dogo-aleman<\/span><\/p>\n<p><span style=\"text-decoration: underline;\"><br \/>\n<\/span><\/p>\n<p>Informaci\u00f3n obtenida de diversas p\u00e1ginas de Internet relacionadas, con el objetivo principal dar informaci\u00f3n.<\/p>\n<h4><strong>Katrina Atenea<\/strong><\/h4>\n<h4><strong>Educadora canina<\/strong><\/h4>\n","protected":false},"excerpt":{"rendered":"<p>Clasificaci\u00f3n. Clasificaci\u00f3n general: Razas de perros gigantes. Clasificaci\u00f3n seg\u00fan la AKC: Grupo 3: Perros de trabajo. Clasificaci\u00f3n seg\u00fan la FCI: Grupo 2: Perros tipo Pinscher y Schnauzer Molosoides y perros tipo monta\u00f1a y boyeros suizos &gt; Molosoides. \u00bfQui\u00e9n iba a decir que Scooby Doo, el perro m\u00e1s cobarde de la historia, es un Dogo Alem\u00e1n, [&hellip;]<\/p>\n","protected":false},"author":2,"featured_media":0,"comment_status":"closed","ping_status":"open","sticky":false,"template":"","format":"standard","meta":{"_et_pb_use_builder":"","_et_pb_old_content":"","_et_gb_content_width":"","footnotes":""},"categories":[7],"tags":[466,652,658,654,653,655,657,656,786],"class_list":["post-2034","post","type-post","status-publish","format-standard","hentry","category-etnologia-razas-y-caracteristicas","tag-dogo","tag-dogo-aleman","tag-dogo-arlequin","tag-dogo-atigrado","tag-dogo-azul","tag-dogo-leonado","tag-dogo-negro","tag-gran-danes","tag-perro"],"_links":{"self":[{"href":"https:\/\/www.adiestradorcanino.com\/webdelperro\/wp-json\/wp\/v2\/posts\/2034","targetHints":{"allow":["GET"]}}],"collection":[{"href":"https:\/\/www.adiestradorcanino.com\/webdelperro\/wp-json\/wp\/v2\/posts"}],"about":[{"href":"https:\/\/www.adiestradorcanino.com\/webdelperro\/wp-json\/wp\/v2\/types\/post"}],"author":[{"embeddable":true,"href":"https:\/\/www.adiestradorcanino.com\/webdelperro\/wp-json\/wp\/v2\/users\/2"}],"replies":[{"embeddable":true,"href":"https:\/\/www.adiestradorcanino.com\/webdelperro\/wp-json\/wp\/v2\/comments?post=2034"}],"version-history":[{"count":0,"href":"https:\/\/www.adiestradorcanino.com\/webdelperro\/wp-json\/wp\/v2\/posts\/2034\/revisions"}],"wp:attachment":[{"href":"https:\/\/www.adiestradorcanino.com\/webdelperro\/wp-json\/wp\/v2\/media?parent=2034"}],"wp:term":[{"taxonomy":"category","embeddable":true,"href":"https:\/\/www.adiestradorcanino.com\/webdelperro\/wp-json\/wp\/v2\/categories?post=2034"},{"taxonomy":"post_tag","embeddable":true,"href":"https:\/\/www.adiestradorcanino.com\/webdelperro\/wp-json\/wp\/v2\/tags?post=2034"}],"curies":[{"name":"wp","href":"https:\/\/api.w.org\/{rel}","templated":true}]}}